{"id":199,"date":"2012-06-02T19:47:24","date_gmt":"2012-06-02T18:47:24","guid":{"rendered":"http:\/\/fiedermann.de\/wordpress\/aikido\/?p=199"},"modified":"2012-06-02T19:47:24","modified_gmt":"2012-06-02T18:47:24","slug":"erste-info-5-deutsch-polnisches-aikido-seminar-mit-michael-winter-5th-german-polish-aikido-seminar-with-michael-winter","status":"publish","type":"post","link":"http:\/\/fiedermann.de\/wordpress\/aikido\/2012\/06\/02\/erste-info-5-deutsch-polnisches-aikido-seminar-mit-michael-winter-5th-german-polish-aikido-seminar-with-michael-winter\/","title":{"rendered":"Erste Info: 5. Deutsch-Polnisches Aikido-Seminar mit Michael Winter 5th German-Polish Aikido-Seminar with Michael Winter"},"content":{"rendered":"<p>Am letzten Wochenende im November (24.\/25.11.2012) findet das 5. Deutsch-Polnische Aikido-Seminar mit Michael Winter in Berlin Marzahn-Hellersdorf statt.<br \/>\nGastgeber ist das Dojo an den G\u00e4rten der Welt, dass an diesem Wochenende auch sein 10j\u00e4hriges Jubil\u00e4um feiert.<\/p>\n<p>Last Weekend in November (24.\/25.11.2012) is time for the 5th German-Polish Aikido-Seminar with Michael Winter.<br \/>\nSeminar is hosted by Dojo an den G\u00e4rten der Welt. At this weekend the dojo celebrates its 10th anniversary.<\/p>\n<p>F\u00fcr ausw\u00e4rtige G\u00e4ste werden bei rechtzeitiger Anmeldung \u00dcbernachtungsm\u00f6glichkeiten\u200b organisiert.<\/p>\n<p>Guests from outside will get, if needed, cheap or free accomodation. Please register early.<\/p>\n<p>Wir freuen uns auf viele G\u00e4ste und das gemeinsame \u00dcben und Feiern.<\/p>\n<p>Looking forward having a good time with our guests<\/p>\n<p>Weitere Infos folgen. More infos next.<\/p>\n","protected":false},"excerpt":{"rendered":"<p>Am letzten Wochenende im November (24.\/25.11.2012) findet das 5. Deutsch-Polnische Aikido-Seminar mit Michael Winter in Berlin Marzahn-Hellersdorf statt. Gastgeber ist das Dojo an den G\u00e4rten der Welt, dass an diesem Wochenende auch sein 10j\u00e4hriges Jubil\u00e4um feiert. Last Weekend in November &hellip; <a href=\"http:\/\/fiedermann.de\/wordpress\/aikido\/2012\/06\/02\/erste-info-5-deutsch-polnisches-aikido-seminar-mit-michael-winter-5th-german-polish-aikido-seminar-with-michael-winter\/\">Weiterlesen <span class=\"meta-nav\">&rarr;<\/span><\/a><\/p>\n","protected":false},"author":755,"featured_media":0,"comment_status":"closed","ping_status":"open","sticky":false,"template":"","format":"standard","meta":{"footnotes":""},"categories":[1],"tags":[],"class_list":["post-199","post","type-post","status-publish","format-standard","hentry","category-allgemein"],"_links":{"self":[{"href":"http:\/\/fiedermann.de\/wordpress\/aikido\/wp-json\/wp\/v2\/posts\/199","targetHints":{"allow":["GET"]}}],"collection":[{"href":"http:\/\/fiedermann.de\/wordpress\/aikido\/wp-json\/wp\/v2\/posts"}],"about":[{"href":"http:\/\/fiedermann.de\/wordpress\/aikido\/wp-json\/wp\/v2\/types\/post"}],"author":[{"embeddable":true,"href":"http:\/\/fiedermann.de\/wordpress\/aikido\/wp-json\/wp\/v2\/users\/755"}],"replies":[{"embeddable":true,"href":"http:\/\/fiedermann.de\/wordpress\/aikido\/wp-json\/wp\/v2\/comments?post=199"}],"version-history":[{"count":1,"href":"http:\/\/fiedermann.de\/wordpress\/aikido\/wp-json\/wp\/v2\/posts\/199\/revisions"}],"predecessor-version":[{"id":200,"href":"http:\/\/fiedermann.de\/wordpress\/aikido\/wp-json\/wp\/v2\/posts\/199\/revisions\/200"}],"wp:attachment":[{"href":"http:\/\/fiedermann.de\/wordpress\/aikido\/wp-json\/wp\/v2\/media?parent=199"}],"wp:term":[{"taxonomy":"category","embeddable":true,"href":"http:\/\/fiedermann.de\/wordpress\/aikido\/wp-json\/wp\/v2\/categories?post=199"},{"taxonomy":"post_tag","embeddable":true,"href":"http:\/\/fiedermann.de\/wordpress\/aikido\/wp-json\/wp\/v2\/tags?post=199"}],"curies":[{"name":"wp","href":"https:\/\/api.w.org\/{rel}","templated":true}]}}