{"id":223,"date":"2012-09-16T10:56:31","date_gmt":"2012-09-16T09:56:31","guid":{"rendered":"http:\/\/fiedermann.de\/wordpress\/aikido\/?p=223"},"modified":"2012-09-16T11:01:14","modified_gmt":"2012-09-16T10:01:14","slug":"5-deutsch-polnisches-aikido-seminar-mit-michael-winter-2012","status":"publish","type":"post","link":"http:\/\/fiedermann.de\/wordpress\/aikido\/2012\/09\/16\/5-deutsch-polnisches-aikido-seminar-mit-michael-winter-2012\/","title":{"rendered":"5. Deutsch-Polnisches Aikido Seminar mit Michael Winter 2012"},"content":{"rendered":"<p style=\"text-align: center;\"><strong>5. Deutsch-Polnisches Aikido-Seminar in Berlin<\/strong><br \/>\n<strong> mit<\/strong><br \/>\n<strong> Michael Winter<\/strong><\/p>\n<p style=\"text-align: center;\">gleichzeitig<br \/>\n<strong>Jubil\u00e4ums-Seminar<\/strong><br \/>\n<strong>10 Jahre Aikido. Dojo an den G\u00e4rten der Welt<\/strong><\/p>\n<p style=\"text-align: center;\">23. &#8211; 25. November 2012<\/p>\n<p><a href=\"http:\/\/fiedermann.de\/wordpress\/aikido\/files\/2012\/09\/img_1562x.jpg\"><img loading=\"lazy\" decoding=\"async\" class=\"aligncenter size-large wp-image-227\" title=\"Seminar 2010\" src=\"http:\/\/fiedermann.de\/wordpress\/aikido\/files\/2012\/09\/img_1562x-1024x428.jpg\" alt=\"\" width=\"584\" height=\"244\" srcset=\"http:\/\/fiedermann.de\/wordpress\/aikido\/files\/2012\/09\/img_1562x-1024x428.jpg 1024w, http:\/\/fiedermann.de\/wordpress\/aikido\/files\/2012\/09\/img_1562x-300x125.jpg 300w, http:\/\/fiedermann.de\/wordpress\/aikido\/files\/2012\/09\/img_1562x-500x209.jpg 500w, http:\/\/fiedermann.de\/wordpress\/aikido\/files\/2012\/09\/img_1562x.jpg 1600w\" sizes=\"auto, (max-width: 584px) 100vw, 584px\" \/><\/a><br \/>\nFreitag, 23.11. (im Dojo*)<br \/>\n18:00 \u2013 20:00 alle<\/p>\n<p>Samstag, 24.11. (Turnhalle**)<br \/>\n10:00 \u2013 12:00 alle<br \/>\n12:00 \u2013 13:00 Lehrer und Dan<br \/>\nPause und Imbiss (wir laden Euch ein)<br \/>\n15:00 \u2013 16:00 Lehrer und Dan<br \/>\n16:00 \u2013 18:00 alle<br \/>\nab 18:00 Pr\u00fcfungen<\/p>\n<p>ab ca. 19:30 Jubil\u00e4ums-Feier<br \/>\nSonntag, 25.11. (Turnhalle**)<br \/>\n10:00 \u2013 12:00 alle<br \/>\n12:00 \u2013 13:00 Lehrer und Dan<br \/>\nPause und Imbiss (wir laden Euch ein)<br \/>\n14:30 \u2013 16:30 alle<\/p>\n<p>Jo und Bokken bitte mitbringen.<\/p>\n<p>Kosten: 30 EUR \/ Lehrer 38 EUR; einzelne Einheit 8 EUR\/ Lehrer 5 EUR.<br \/>\nF\u00fcr unserer ausw\u00e4rtigen G\u00e4ste mieten wir Wohnungen an, Unkosten pro Person und Nacht nur 5 EUR, bitte Schlafs\u00e4cke mitbringen.Anmeldung f\u00fcr \u00dcbernachtungen (bis 10.10.12) erforderlich.<\/p>\n<p>Seminarorte:<br \/>\nDojo* \u2192 Dojo an den G\u00e4rten der Welt, Eisenacher Stra\u00dfe 121, 12685 Berlin<br \/>\nTurnhalle**\u2192Erwin-Strittmatter-Schule, Sch\u00f6newalder Str. 9, 12627 Berlin<\/p>\n<p>Anmeldung bei Maik Fiedermann \u2192 mail@fiedermann.de<\/p>\n<p>Wir freuen uns auf Euch!<\/p>\n<p>&nbsp;<\/p>\n<p><a title=\"Seminar Announcement\" href=\"http:\/\/fiedermann.de\/aikido\/Seminar2012\/Seminar2012en.pdf\" target=\"_blank\">Seminar Announcement download<\/a>; <a href=\"http:\/\/fiedermann.de\/aikido\/Seminar2012\/Seminar2012.pdf\" target=\"_blank\">Ausschreibung download<\/a><\/p>\n<p>&nbsp;<\/p>\n","protected":false},"excerpt":{"rendered":"<p>5. Deutsch-Polnisches Aikido-Seminar in Berlin mit Michael Winter gleichzeitig Jubil\u00e4ums-Seminar 10 Jahre Aikido. Dojo an den G\u00e4rten der Welt 23. &#8211; 25. November 2012 Freitag, 23.11. (im Dojo*) 18:00 \u2013 20:00 alle Samstag, 24.11. (Turnhalle**) 10:00 \u2013 12:00 alle 12:00 &hellip; <a href=\"http:\/\/fiedermann.de\/wordpress\/aikido\/2012\/09\/16\/5-deutsch-polnisches-aikido-seminar-mit-michael-winter-2012\/\">Weiterlesen <span class=\"meta-nav\">&rarr;<\/span><\/a><\/p>\n","protected":false},"author":755,"featured_media":0,"comment_status":"closed","ping_status":"open","sticky":false,"template":"","format":"standard","meta":{"footnotes":""},"categories":[1],"tags":[],"class_list":["post-223","post","type-post","status-publish","format-standard","hentry","category-allgemein"],"_links":{"self":[{"href":"http:\/\/fiedermann.de\/wordpress\/aikido\/wp-json\/wp\/v2\/posts\/223","targetHints":{"allow":["GET"]}}],"collection":[{"href":"http:\/\/fiedermann.de\/wordpress\/aikido\/wp-json\/wp\/v2\/posts"}],"about":[{"href":"http:\/\/fiedermann.de\/wordpress\/aikido\/wp-json\/wp\/v2\/types\/post"}],"author":[{"embeddable":true,"href":"http:\/\/fiedermann.de\/wordpress\/aikido\/wp-json\/wp\/v2\/users\/755"}],"replies":[{"embeddable":true,"href":"http:\/\/fiedermann.de\/wordpress\/aikido\/wp-json\/wp\/v2\/comments?post=223"}],"version-history":[{"count":4,"href":"http:\/\/fiedermann.de\/wordpress\/aikido\/wp-json\/wp\/v2\/posts\/223\/revisions"}],"predecessor-version":[{"id":230,"href":"http:\/\/fiedermann.de\/wordpress\/aikido\/wp-json\/wp\/v2\/posts\/223\/revisions\/230"}],"wp:attachment":[{"href":"http:\/\/fiedermann.de\/wordpress\/aikido\/wp-json\/wp\/v2\/media?parent=223"}],"wp:term":[{"taxonomy":"category","embeddable":true,"href":"http:\/\/fiedermann.de\/wordpress\/aikido\/wp-json\/wp\/v2\/categories?post=223"},{"taxonomy":"post_tag","embeddable":true,"href":"http:\/\/fiedermann.de\/wordpress\/aikido\/wp-json\/wp\/v2\/tags?post=223"}],"curies":[{"name":"wp","href":"https:\/\/api.w.org\/{rel}","templated":true}]}}