{"id":242,"date":"2012-12-01T11:06:02","date_gmt":"2012-12-01T10:06:02","guid":{"rendered":"http:\/\/fiedermann.de\/wordpress\/aikido\/?p=242"},"modified":"2012-12-01T11:06:02","modified_gmt":"2012-12-01T10:06:02","slug":"fotos-von-unserem-jubilaumsseminar-mit-michael-winter","status":"publish","type":"post","link":"http:\/\/fiedermann.de\/wordpress\/aikido\/2012\/12\/01\/fotos-von-unserem-jubilaumsseminar-mit-michael-winter\/","title":{"rendered":"Fotos von unserem Jubil\u00e4umsseminar mit Michael Winter"},"content":{"rendered":"<p>Unser Jubil\u00e4ums-Seminar war ein gro\u00dfer Erfolg. 28 Aikidoka aus ganz Berlin, Kassel, Stettin, Lodzs nahmen am 5. Deutsch-Polnischen Aikido-Seminar unter Leitung von Michael Winter (5. Dan) teil. Gemeinsam wurde auch das 10j\u00e4hrige Bestehen der Aikido-Gruppe des &#8222;Aikido. Dojo an den G\u00e4rten der Welt&#8220; gefeiert.<\/p>\n<p><img loading=\"lazy\" decoding=\"async\" class=\"alignnone\" title=\"Winter-Seminar 2012\" src=\"http:\/\/fiedermann.de\/aikidoblog\/img_0013.jpg\" alt=\"\" width=\"899\" height=\"600\" \/><\/p>\n<p>Fotos vom Seminar <a href=\"http:\/\/fiedermann.de\/aikidoblog\/\" target=\"_blank\">hier<\/a> und <a href=\"https:\/\/picasaweb.google.com\/103316959761995388196\/MichaWinter26112012\" target=\"_blank\">hier<\/a>.<\/p>\n<p>&nbsp;<\/p>\n<p>&nbsp;<\/p>\n<p>&nbsp;<\/p>\n<p>&nbsp;<\/p>\n<p>&nbsp;<\/p>\n<p>&nbsp;<\/p>\n","protected":false},"excerpt":{"rendered":"<p>Unser Jubil\u00e4ums-Seminar war ein gro\u00dfer Erfolg. 28 Aikidoka aus ganz Berlin, Kassel, Stettin, Lodzs nahmen am 5. Deutsch-Polnischen Aikido-Seminar unter Leitung von Michael Winter (5. Dan) teil. Gemeinsam wurde auch das 10j\u00e4hrige Bestehen der Aikido-Gruppe des &#8222;Aikido. Dojo an den &hellip; <a href=\"http:\/\/fiedermann.de\/wordpress\/aikido\/2012\/12\/01\/fotos-von-unserem-jubilaumsseminar-mit-michael-winter\/\">Weiterlesen <span class=\"meta-nav\">&rarr;<\/span><\/a><\/p>\n","protected":false},"author":755,"featured_media":0,"comment_status":"closed","ping_status":"open","sticky":false,"template":"","format":"standard","meta":{"footnotes":""},"categories":[1],"tags":[],"class_list":["post-242","post","type-post","status-publish","format-standard","hentry","category-allgemein"],"_links":{"self":[{"href":"http:\/\/fiedermann.de\/wordpress\/aikido\/wp-json\/wp\/v2\/posts\/242","targetHints":{"allow":["GET"]}}],"collection":[{"href":"http:\/\/fiedermann.de\/wordpress\/aikido\/wp-json\/wp\/v2\/posts"}],"about":[{"href":"http:\/\/fiedermann.de\/wordpress\/aikido\/wp-json\/wp\/v2\/types\/post"}],"author":[{"embeddable":true,"href":"http:\/\/fiedermann.de\/wordpress\/aikido\/wp-json\/wp\/v2\/users\/755"}],"replies":[{"embeddable":true,"href":"http:\/\/fiedermann.de\/wordpress\/aikido\/wp-json\/wp\/v2\/comments?post=242"}],"version-history":[{"count":3,"href":"http:\/\/fiedermann.de\/wordpress\/aikido\/wp-json\/wp\/v2\/posts\/242\/revisions"}],"predecessor-version":[{"id":246,"href":"http:\/\/fiedermann.de\/wordpress\/aikido\/wp-json\/wp\/v2\/posts\/242\/revisions\/246"}],"wp:attachment":[{"href":"http:\/\/fiedermann.de\/wordpress\/aikido\/wp-json\/wp\/v2\/media?parent=242"}],"wp:term":[{"taxonomy":"category","embeddable":true,"href":"http:\/\/fiedermann.de\/wordpress\/aikido\/wp-json\/wp\/v2\/categories?post=242"},{"taxonomy":"post_tag","embeddable":true,"href":"http:\/\/fiedermann.de\/wordpress\/aikido\/wp-json\/wp\/v2\/tags?post=242"}],"curies":[{"name":"wp","href":"https:\/\/api.w.org\/{rel}","templated":true}]}}